{"id":37146,"date":"2026-08-31T10:31:24","date_gmt":"2026-08-31T08:31:24","guid":{"rendered":"https:\/\/www.celsa-charmettes.ch\/?p=37146"},"modified":"2026-08-31T10:32:32","modified_gmt":"2026-08-31T08:32:32","slug":"heizol-info-vom-31-august","status":"publish","type":"post","link":"https:\/\/www.celsa-charmettes.ch\/de\/heizol-info-vom-31-august\/","title":{"rendered":"Heiz\u00f6l-Info vom 31.August"},"content":{"rendered":"<p data-path-to-node=\"1\">Neue milit\u00e4rische Spannungen im Nahen Osten lassen die \u00d6lpreise am heutigen Montag, den 31. August, kr\u00e4ftig steigen. Am Wochenende griffen US-Streitkr\u00e4fte iranische Stellungen auf der Insel Larak an. Teheran reagierte mit Raketenangriffen auf einen US-Luftwaffenst\u00fctzpunkt in Jordanien. Hinzu kommen die Ank\u00fcndigung Washingtons, regelm\u00e4ssig neue Finanzsanktionen gegen den Iran zu verh\u00e4ngen, sowie Drohungen bez\u00fcglich der Insel Kharg \u2013 einem zentralen Knotenpunkt f\u00fcr die iranischen \u00d6lexporte. Diese Ereignisse d\u00e4mpfen die Hoffnung auf eine rasche Wieder\u00f6ffnung der Strasse von Hormus und sch\u00fcren erneut Sorgen vor Versorgungsengp\u00e4ssen.<\/p>\n<p data-path-to-node=\"2\">Der US-Dollar \u00fcbt zus\u00e4tzlichen Druck auf die Preise in Europa aus. Am Freitag stellte der Chef der US-Notenbank, Kevin Warsh, eine m\u00f6gliche Straffung der Geldpolitik bereits im September in Aussicht. Seine Aussagen st\u00e4rkten den Dollar gegen\u00fcber dem Euro. Da Erd\u00f6l und dessen Produkte in Dollar gehandelt werden, verteuert ein st\u00e4rkerer Dollar die Importe f\u00fcr K\u00e4ufer im Euroraum.<\/p>\n<p data-path-to-node=\"3\">In der Schweiz macht sich dieser erneute Preisanstieg beim Heiz\u00f6l direkt bemerkbar. Der ICE Gasoil-Kontrakt hat seit Freitag deutlich angezogen. Zudem wirkt sich der st\u00e4rkere Dollar nachteilig auf den Einkauf von \u00d6lprodukten in Europa aus. Die Richtpreise f\u00fcr Heiz\u00f6l in der Schweiz verzeichnen daher am heutigen Montagmorgen einen kr\u00e4ftigen Anstieg im Vergleich zu Freitag.<\/p>\n\n\n<p class=\"wp-block-paragraph\"><\/p>\n","protected":false},"excerpt":{"rendered":"<p>Neue milit\u00e4rische Spannungen im Nahen Osten lassen die \u00d6lpreise am heutigen Montag, den 31. August, kr\u00e4ftig steigen. Am Wochenende griffen US-Streitkr\u00e4fte iranische Stellungen auf der Insel Larak an. Teheran reagierte mit Raketenangriffen auf einen US-Luftwaffenst\u00fctzpunkt in Jordanien. Hinzu kommen die Ank\u00fcndigung Washingtons, regelm\u00e4ssig neue Finanzsanktionen gegen den Iran zu verh\u00e4ngen, sowie Drohungen bez\u00fcglich der Insel [&hellip;]<\/p>\n","protected":false},"author":3,"featured_media":0,"comment_status":"closed","ping_status":"closed","sticky":false,"template":"","format":"standard","meta":{"_et_pb_use_builder":"off","_et_pb_old_content":"","_et_gb_content_width":"","footnotes":""},"categories":[34],"tags":[],"class_list":["post-37146","post","type-post","status-publish","format-standard","hentry","category-heizoel-info"],"_links":{"self":[{"href":"https:\/\/www.celsa-charmettes.ch\/de\/wp-json\/wp\/v2\/posts\/37146","targetHints":{"allow":["GET"]}}],"collection":[{"href":"https:\/\/www.celsa-charmettes.ch\/de\/wp-json\/wp\/v2\/posts"}],"about":[{"href":"https:\/\/www.celsa-charmettes.ch\/de\/wp-json\/wp\/v2\/types\/post"}],"author":[{"embeddable":true,"href":"https:\/\/www.celsa-charmettes.ch\/de\/wp-json\/wp\/v2\/users\/3"}],"replies":[{"embeddable":true,"href":"https:\/\/www.celsa-charmettes.ch\/de\/wp-json\/wp\/v2\/comments?post=37146"}],"version-history":[{"count":2,"href":"https:\/\/www.celsa-charmettes.ch\/de\/wp-json\/wp\/v2\/posts\/37146\/revisions"}],"predecessor-version":[{"id":37149,"href":"https:\/\/www.celsa-charmettes.ch\/de\/wp-json\/wp\/v2\/posts\/37146\/revisions\/37149"}],"wp:attachment":[{"href":"https:\/\/www.celsa-charmettes.ch\/de\/wp-json\/wp\/v2\/media?parent=37146"}],"wp:term":[{"taxonomy":"category","embeddable":true,"href":"https:\/\/www.celsa-charmettes.ch\/de\/wp-json\/wp\/v2\/categories?post=37146"},{"taxonomy":"post_tag","embeddable":true,"href":"https:\/\/www.celsa-charmettes.ch\/de\/wp-json\/wp\/v2\/tags?post=37146"}],"curies":[{"name":"wp","href":"https:\/\/api.w.org\/{rel}","templated":true}]}}