{"id":35606,"date":"2026-01-28T10:07:44","date_gmt":"2026-01-28T09:07:44","guid":{"rendered":"https:\/\/www.celsa-charmettes.ch\/?p=35606"},"modified":"2026-01-28T10:08:37","modified_gmt":"2026-01-28T09:08:37","slug":"heizol-info-vom-28-januar","status":"publish","type":"post","link":"https:\/\/www.celsa-charmettes.ch\/de\/heizol-info-vom-28-januar\/","title":{"rendered":"Heiz\u00f6l-Info vom 28. Januar"},"content":{"rendered":"<p data-path-to-node=\"0\">Am heutigen Mittwoch setzen die \u00d6lpreise ihren gestern Nachmittag begonnenen Aufstieg fort. Getragen wird diese Entwicklung von einer Mischung aus klimatischen Belastungen und geopolitischen Spannungen, die das Szenario eines kurzfristigen \u00dcberangebots infrage stellen.<\/p>\n<p data-path-to-node=\"1\">Die K\u00e4ltewelle in den USA hinterl\u00e4sst weiterhin deutliche Spuren: \u00dcber die Produktionsausf\u00e4lle hinaus rechnen Analysten nun mit einem signifikanten R\u00fcckgang der nationalen Vorr\u00e4te, sollten die Temperaturen niedrig bleiben. Erste Daten des API-Instituts zeigen bereits einen unerwarteten R\u00fcckgang der Roh\u00f6l- und Benzinreserven. Parallel dazu verl\u00e4uft das Wiederhochfahren des kasachischen Riesenfeldes Tengiz langsamer als geplant, was die Exporte begrenzt und die Preise st\u00fctzt.<\/p>\n<p data-path-to-node=\"2\">Auf geopolitischer Ebene bleibt die Lage instabil. Donald Trump hat in den sozialen Medien erneut einen milit\u00e4rischen Einsatz im Nahen Osten angedeutet und damit den Druck auf den Iran aufrechterhalten. Diese Ungewissheit belastet zusammen mit der US-Politik den Dollar, was \u00d6l f\u00fcr K\u00e4ufer in anderen W\u00e4hrungen attraktiver macht. Am Markt ist zudem ein &#8222;Backwardation&#8220;-Ph\u00e4nomen zu beobachten \u2013 ein Zustand, in dem die Preise f\u00fcr prompte Lieferungen h\u00f6her sind als f\u00fcr sp\u00e4tere Termine, was als klares Signal f\u00fcr ein aktuell knappes Angebot gewertet wird.<\/p>\n<p data-path-to-node=\"3\">Diese Dynamik schl\u00e4gt sich am Mittwochmorgen in einem Aufw\u00e4rtstrend bei den Heiz\u00f6lpreisen nieder. Die Aufmerksamkeit der Anleger richtet sich nun auf zwei wichtige Termine am heutigen Tag: die Ver\u00f6ffentlichung der offiziellen US-Lagerbestandsdaten (DOE) am Nachmittag sowie die Zinsentscheidungen der Fed am Abend.<\/p>\n","protected":false},"excerpt":{"rendered":"<p>Am heutigen Mittwoch setzen die \u00d6lpreise ihren gestern Nachmittag begonnenen Aufstieg fort. Getragen wird diese Entwicklung von einer Mischung aus klimatischen Belastungen und geopolitischen Spannungen, die das Szenario eines kurzfristigen \u00dcberangebots infrage stellen. Die K\u00e4ltewelle in den USA hinterl\u00e4sst weiterhin deutliche Spuren: \u00dcber die Produktionsausf\u00e4lle hinaus rechnen Analysten nun mit einem signifikanten R\u00fcckgang der nationalen [&hellip;]<\/p>\n","protected":false},"author":2,"featured_media":0,"comment_status":"closed","ping_status":"closed","sticky":false,"template":"","format":"standard","meta":{"_et_pb_use_builder":"","_et_pb_old_content":"","_et_gb_content_width":"","footnotes":""},"categories":[34],"tags":[],"class_list":["post-35606","post","type-post","status-publish","format-standard","hentry","category-heizoel-info"],"_links":{"self":[{"href":"https:\/\/www.celsa-charmettes.ch\/de\/wp-json\/wp\/v2\/posts\/35606","targetHints":{"allow":["GET"]}}],"collection":[{"href":"https:\/\/www.celsa-charmettes.ch\/de\/wp-json\/wp\/v2\/posts"}],"about":[{"href":"https:\/\/www.celsa-charmettes.ch\/de\/wp-json\/wp\/v2\/types\/post"}],"author":[{"embeddable":true,"href":"https:\/\/www.celsa-charmettes.ch\/de\/wp-json\/wp\/v2\/users\/2"}],"replies":[{"embeddable":true,"href":"https:\/\/www.celsa-charmettes.ch\/de\/wp-json\/wp\/v2\/comments?post=35606"}],"version-history":[{"count":2,"href":"https:\/\/www.celsa-charmettes.ch\/de\/wp-json\/wp\/v2\/posts\/35606\/revisions"}],"predecessor-version":[{"id":35610,"href":"https:\/\/www.celsa-charmettes.ch\/de\/wp-json\/wp\/v2\/posts\/35606\/revisions\/35610"}],"wp:attachment":[{"href":"https:\/\/www.celsa-charmettes.ch\/de\/wp-json\/wp\/v2\/media?parent=35606"}],"wp:term":[{"taxonomy":"category","embeddable":true,"href":"https:\/\/www.celsa-charmettes.ch\/de\/wp-json\/wp\/v2\/categories?post=35606"},{"taxonomy":"post_tag","embeddable":true,"href":"https:\/\/www.celsa-charmettes.ch\/de\/wp-json\/wp\/v2\/tags?post=35606"}],"curies":[{"name":"wp","href":"https:\/\/api.w.org\/{rel}","templated":true}]}}