{"id":35599,"date":"2026-01-27T10:07:16","date_gmt":"2026-01-27T09:07:16","guid":{"rendered":"https:\/\/www.celsa-charmettes.ch\/?p=35599"},"modified":"2026-01-27T10:09:23","modified_gmt":"2026-01-27T09:09:23","slug":"heizol-info-vom-27-januar","status":"publish","type":"post","link":"https:\/\/www.celsa-charmettes.ch\/de\/heizol-info-vom-27-januar\/","title":{"rendered":"Heiz\u00f6l-Info vom 27. Januar"},"content":{"rendered":"\n<p>Nach einer Phase starker Spannungen erleben die \u00d6lm\u00e4rkte am Dienstagmorgen eine erste Phase der technischen Korrektur. Obwohl die polare K\u00e4lte weiterhin einen Teil der Energieinfrastruktur l\u00e4hmt, deuten mehrere Signale auf einen beginnenden R\u00fcckgang hin, sodass die Preise nach den j\u00fcngsten H\u00f6chstst\u00e4nden etwas durchatmen k\u00f6nnen.<\/p>\n\n\n\n<p>Die Lage in den USA bleibt jedoch besorgniserregend: Analysten sch\u00e4tzen, dass die Roh\u00f6lproduktion in der Spitze um fast 2 Millionen Barrel pro Tag gesunken ist, was etwa 15 % der nationalen Kapazit\u00e4t entspricht. Obwohl f\u00fcr Ende der Woche milderes Wetter erwartet wird, halten logistische Schwierigkeiten (durch Schnee blockiertes Personal, eingefrorene Pipelines) das Angebot weiterhin unflexibel. Parallel dazu lieferte in Kasachstan das schrittweise Wiederhochfahren des Riesenfeldes Tengiz nach dessen Totalausfall ein erstes Entspannungssignal f\u00fcr die Investoren.<\/p>\n\n\n\n<p>An der diplomatischen Front dominiert die Ungewissheit. Die ersten trilateralen Gespr\u00e4che zwischen der Ukraine, Russland und den USA haben noch zu keinem konkreten Abkommen gef\u00fchrt, was die Erwartungshaltung der M\u00e4rkte verl\u00e4ngert. Zudem richtet sich die Aufmerksamkeit bereits auf den 1. Februar, wenn die OPEC+ zusammenkommt. Ersten Berichten zufolge d\u00fcrfte die Allianz ihre aktuelle Strategie beibehalten und die Aussetzung der Produktionssteigerungen f\u00fcr den Monat M\u00e4rz best\u00e4tigen, um angesichts der langfristigen \u00dcberschussrisiken vorsichtig zu bleiben.<\/p>\n\n\n\n<p>Diese internationale Beruhigung kommt den Heiz\u00f6lpreisen zugute, die am Dienstagmorgen Anzeichen eines R\u00fcckgangs zeigen.<\/p>\n","protected":false},"excerpt":{"rendered":"<p>Nach einer Phase starker Spannungen erleben die \u00d6lm\u00e4rkte am Dienstagmorgen eine erste Phase der technischen Korrektur. Obwohl die polare K\u00e4lte weiterhin einen Teil der Energieinfrastruktur l\u00e4hmt, deuten mehrere Signale auf einen beginnenden R\u00fcckgang hin, sodass die Preise nach den j\u00fcngsten H\u00f6chstst\u00e4nden etwas durchatmen k\u00f6nnen. Die Lage in den USA bleibt jedoch besorgniserregend: Analysten sch\u00e4tzen, dass [&hellip;]<\/p>\n","protected":false},"author":2,"featured_media":0,"comment_status":"closed","ping_status":"closed","sticky":false,"template":"","format":"standard","meta":{"_et_pb_use_builder":"","_et_pb_old_content":"","_et_gb_content_width":"","footnotes":""},"categories":[34],"tags":[],"class_list":["post-35599","post","type-post","status-publish","format-standard","hentry","category-heizoel-info"],"_links":{"self":[{"href":"https:\/\/www.celsa-charmettes.ch\/de\/wp-json\/wp\/v2\/posts\/35599","targetHints":{"allow":["GET"]}}],"collection":[{"href":"https:\/\/www.celsa-charmettes.ch\/de\/wp-json\/wp\/v2\/posts"}],"about":[{"href":"https:\/\/www.celsa-charmettes.ch\/de\/wp-json\/wp\/v2\/types\/post"}],"author":[{"embeddable":true,"href":"https:\/\/www.celsa-charmettes.ch\/de\/wp-json\/wp\/v2\/users\/2"}],"replies":[{"embeddable":true,"href":"https:\/\/www.celsa-charmettes.ch\/de\/wp-json\/wp\/v2\/comments?post=35599"}],"version-history":[{"count":2,"href":"https:\/\/www.celsa-charmettes.ch\/de\/wp-json\/wp\/v2\/posts\/35599\/revisions"}],"predecessor-version":[{"id":35604,"href":"https:\/\/www.celsa-charmettes.ch\/de\/wp-json\/wp\/v2\/posts\/35599\/revisions\/35604"}],"wp:attachment":[{"href":"https:\/\/www.celsa-charmettes.ch\/de\/wp-json\/wp\/v2\/media?parent=35599"}],"wp:term":[{"taxonomy":"category","embeddable":true,"href":"https:\/\/www.celsa-charmettes.ch\/de\/wp-json\/wp\/v2\/categories?post=35599"},{"taxonomy":"post_tag","embeddable":true,"href":"https:\/\/www.celsa-charmettes.ch\/de\/wp-json\/wp\/v2\/tags?post=35599"}],"curies":[{"name":"wp","href":"https:\/\/api.w.org\/{rel}","templated":true}]}}