{"id":35591,"date":"2026-01-26T09:58:36","date_gmt":"2026-01-26T08:58:36","guid":{"rendered":"https:\/\/www.celsa-charmettes.ch\/?p=35591"},"modified":"2026-01-26T10:01:19","modified_gmt":"2026-01-26T09:01:19","slug":"heizol-info-vom-26-januar","status":"publish","type":"post","link":"https:\/\/www.celsa-charmettes.ch\/de\/heizol-info-vom-26-januar\/","title":{"rendered":"Heiz\u00f6l-Info vom 26. Januar"},"content":{"rendered":"<p data-path-to-node=\"0\">Die neue Woche beginnt mit einer deutlichen Aufw\u00e4rtstendenz. Eine extreme K\u00e4ltewelle, die gleichzeitig die USA und Europa fest im Griff hat, \u00fcberlagert derzeit alle anderen Marktfaktoren. Dieser Klimaschock hat bereits zu Produktionsunterbrechungen in Texas und Oklahoma gef\u00fchrt und gleichzeitig den Heiz\u00f6l- und Gasverbrauch massiv in die H\u00f6he getrieben. In Europa schrumpfen die Gasreserven in Rekordgeschwindigkeit und sind bereits unter die 50 %-Marke gefallen, was die Nervosit\u00e4t der Anleger im gesamten Energiesektor verst\u00e4rkt.<\/p>\n<p data-path-to-node=\"1\">Zu diesen klimatischen Bedingungen kommt ein weiterhin bewegtes geopolitisches Umfeld hinzu. Obwohl die Gefahr eines Handelskonflikts mit Europa nach dem Treffen in Davos vorerst gebannt scheint, hat Donald Trump die Spannungen im Nahen Osten neu entfacht. Seine \u00c4u\u00dferungen \u00fcber die Entsendung einer Marine-&#8222;Armada&#8220; in den Persischen Golf zur \u00dcberwachung des Irans haben die Roh\u00f6lpreise sofort unter Druck gesetzt. W\u00e4hrend das kasachische CPC-Terminal nach Reparaturen den Betrieb wieder aufgenommen hat, bleibt die Produktion auf dem riesigen Tengiz-Feld aufgrund von &#8222;h\u00f6herer Gewalt&#8220; weiterhin eingeschr\u00e4nkt, was das kurzfristige Angebot zus\u00e4tzlich verknappt.<\/p>\n<p data-path-to-node=\"2\">Diese Kombination von Faktoren st\u00fctzt am Montagmorgen den Aufw\u00e4rtstrend bei den Heiz\u00f6lpreisen. F\u00fcr den weiteren Wochenverlauf bleibt der Markt eng an die Wetterprognosen und die kommenden diplomatischen Signale aus Washington gebunden.<\/p>\n","protected":false},"excerpt":{"rendered":"<p>Die neue Woche beginnt mit einer deutlichen Aufw\u00e4rtstendenz. Eine extreme K\u00e4ltewelle, die gleichzeitig die USA und Europa fest im Griff hat, \u00fcberlagert derzeit alle anderen Marktfaktoren. Dieser Klimaschock hat bereits zu Produktionsunterbrechungen in Texas und Oklahoma gef\u00fchrt und gleichzeitig den Heiz\u00f6l- und Gasverbrauch massiv in die H\u00f6he getrieben. In Europa schrumpfen die Gasreserven in Rekordgeschwindigkeit [&hellip;]<\/p>\n","protected":false},"author":2,"featured_media":0,"comment_status":"closed","ping_status":"closed","sticky":false,"template":"","format":"standard","meta":{"_et_pb_use_builder":"","_et_pb_old_content":"","_et_gb_content_width":"","footnotes":""},"categories":[34],"tags":[],"class_list":["post-35591","post","type-post","status-publish","format-standard","hentry","category-heizoel-info"],"_links":{"self":[{"href":"https:\/\/www.celsa-charmettes.ch\/de\/wp-json\/wp\/v2\/posts\/35591","targetHints":{"allow":["GET"]}}],"collection":[{"href":"https:\/\/www.celsa-charmettes.ch\/de\/wp-json\/wp\/v2\/posts"}],"about":[{"href":"https:\/\/www.celsa-charmettes.ch\/de\/wp-json\/wp\/v2\/types\/post"}],"author":[{"embeddable":true,"href":"https:\/\/www.celsa-charmettes.ch\/de\/wp-json\/wp\/v2\/users\/2"}],"replies":[{"embeddable":true,"href":"https:\/\/www.celsa-charmettes.ch\/de\/wp-json\/wp\/v2\/comments?post=35591"}],"version-history":[{"count":2,"href":"https:\/\/www.celsa-charmettes.ch\/de\/wp-json\/wp\/v2\/posts\/35591\/revisions"}],"predecessor-version":[{"id":35597,"href":"https:\/\/www.celsa-charmettes.ch\/de\/wp-json\/wp\/v2\/posts\/35591\/revisions\/35597"}],"wp:attachment":[{"href":"https:\/\/www.celsa-charmettes.ch\/de\/wp-json\/wp\/v2\/media?parent=35591"}],"wp:term":[{"taxonomy":"category","embeddable":true,"href":"https:\/\/www.celsa-charmettes.ch\/de\/wp-json\/wp\/v2\/categories?post=35591"},{"taxonomy":"post_tag","embeddable":true,"href":"https:\/\/www.celsa-charmettes.ch\/de\/wp-json\/wp\/v2\/tags?post=35591"}],"curies":[{"name":"wp","href":"https:\/\/api.w.org\/{rel}","templated":true}]}}